{"id":22086,"date":"2023-11-08T13:49:22","date_gmt":"2023-11-08T19:49:22","guid":{"rendered":"https:\/\/www.catie.ac.cr\/?p=22086"},"modified":"2023-11-08T13:51:20","modified_gmt":"2023-11-08T19:51:20","slug":"profesores-y-egresado-del-catie-nominados-al-premio-sacha-por-sus-contribuciones-en-accion-climatica","status":"publish","type":"post","link":"https:\/\/www.catie.ac.cr\/en\/2023\/11\/08\/profesores-y-egresado-del-catie-nominados-al-premio-sacha-por-sus-contribuciones-en-accion-climatica\/","title":{"rendered":"CATIE professors and graduate nominated for SACHA Award for their contributions to climate action"},"content":{"rendered":"<p><\/p><ul class=\"wp-block-list\"><li><em><em>Bryan Finegan, Ronnie de Camino and Jhonny M\u00e9ndez are nominated for their outstanding work in environmental protection and the fight against climate change in Latin America.<\/em><\/em><\/li><\/ul><p><strong>November 8, 2023. <\/strong>Two professor-researchers and a graduate of CATIE (Tropical Agricultural Research and Higher Education Center) have been nominated for the prestigious SACHA Award, in its fifth edition with the slogan Connecting Continents for Climate Action. <a href=\"https:\/\/premiosacha.org\/cl\/trnpdirectorioenc?fbclid=IwAR2_ZmsyYPu28rLsPjT7SyhsI-5gswd63cWCPhg_IsQ4zgWmC0HMs9qs6ik\">SACHA Award Facebook Live.<\/a>, en su quinta edici\u00f3n que lleva el lema <em>Conectando Continentes por la Acci\u00f3n Clim\u00e1tica<\/em>.<\/p><p>The nominees are Bryan Finegan and Ronnie de Camino, professor-researchers at the Center, as well as Jhonny M\u00e9ndez, graduate of the master's program in Integrated Natural Resource Management.<\/p><p>This award honors leaders who demonstrate a deep and effective commitment to climate action.<\/p><p>Finegan is nominated in the research category. He is currently leading pioneering research on the effects of global change on tropical forest ecosystems and the ecosystem services they provide. His contributions are fundamental to understanding and addressing environmental challenges in forest systems.<\/p><p>For his part, de Camino is nominated in the environmental management category, as a forestry engineer his name not only stands out for his deep knowledge in the field, but also for his commitment to sustainable human development, balancing economic, social and environmental dimensions. De Camino is considered an influential voice in territorial forest management and in promoting a more equitable and sustainable society.<\/p><p>Meanwhile, M\u00e9ndez, also nominated in the environmental management category, has an outstanding track record at the San Carlos Forestry Development Commission (CODEFORSA) from 1990 to December 2023. He has dedicated his career to stimulating forest management and promoting reforestation in Costa Rica. His legacy is a testament to resilience and determination in the fight against deforestation.<\/p><p>\"These three nominees are not only experts in their fields, but also represent CATIE's dedication to training leaders committed to climate action in Latin America,\" said Fernando Casanoves, CATIE's Director of Education.<\/p><p>As mentioned on its website, the group promoting the SACHA Award nominated mentors who are inspiring, visionary leaders, who with their knowledge and trajectory have demonstrated the effectiveness of their actions in the fight against climate change.<\/p><p>The winners will be announced at the ceremony of the fifth edition of the SACHA Award, on November 16, 2023, in Rome (Italy), Quito (Ecuador), and San Jos\u00e9 (Costa Rica). You will be able to follow the live broadcast of these ceremonies through the <a href=\"https:\/\/www.facebook.com\/premiosacha\">SACHA Award Facebook Live.<\/a>.<\/p><p><\/p><div class=\"wp-block-columns is-layout-flex wp-container-core-columns-is-layout-9d6595d7 wp-block-columns-is-layout-flex\"><div class=\"wp-block-column is-layout-flow wp-block-column-is-layout-flow\" style=\"flex-basis:50%\"><p><strong>More information:<\/strong> <\/p>\n\n<p>Fernando Casanoves<br>Director of Education<br>Graduate School<br>CATIE<br><a href=\"mailto:decanatura@catie.ac.cr\">decanatura@catie.ac.cr<\/a><\/p>\n\n<p>&nbsp;&nbsp;<\/p>\n\n<p><\/p>\n\n<p>&nbsp;<\/p><\/div>\n\n<div class=\"wp-block-column is-layout-flow wp-block-column-is-layout-flow\" style=\"flex-basis:50%\"><p><strong>Written by:<\/strong> <\/p>\n\n<p>Karla Salazar Leiva<br>Communicator<br>Communications and Marketing Office<br>CATIE<br><a href=\"mailto:karla.salazar@catie.ac.cr\">karla.salazar@catie.ac.cr<\/a><\/p><\/div><\/div><p><\/p><p><\/p><p><\/p>","protected":false},"excerpt":{"rendered":"<p>8 de noviembre de 2023. Dos profesores-investigadores y un graduado del CATIE (Centro Agron\u00f3mico Tropical de Investigaci\u00f3n y Ense\u00f1anza) han sido nominados para el prestigioso Premio SACHA, en su quinta edici\u00f3n que lleva el lema Conectando Continentes por la Acci\u00f3n &hellip; <\/p>","protected":false},"author":3,"featured_media":22087,"comment_status":"closed","ping_status":"open","sticky":false,"template":"","format":"standard","meta":{"_bbp_topic_count":0,"_bbp_reply_count":0,"_bbp_total_topic_count":0,"_bbp_total_reply_count":0,"_bbp_voice_count":0,"_bbp_anonymous_reply_count":0,"_bbp_topic_count_hidden":0,"_bbp_reply_count_hidden":0,"_bbp_forum_subforum_count":0,"pmpro_default_level":"","_monsterinsights_skip_tracking":false,"_monsterinsights_sitenote_active":false,"_monsterinsights_sitenote_note":"","_monsterinsights_sitenote_category":0,"_uf_show_specific_survey":0,"_uf_disable_surveys":false,"footnotes":""},"categories":[31],"tags":[439,105,438],"class_list":["post-22086","post","type-post","status-publish","format-standard","has-post-thumbnail","hentry","category-blog","tag-accion-climatica","tag-catie","tag-sacha","pmpro-has-access"],"_links":{"self":[{"href":"https:\/\/www.catie.ac.cr\/en\/wp-json\/wp\/v2\/posts\/22086","targetHints":{"allow":["GET"]}}],"collection":[{"href":"https:\/\/www.catie.ac.cr\/en\/wp-json\/wp\/v2\/posts"}],"about":[{"href":"https:\/\/www.catie.ac.cr\/en\/wp-json\/wp\/v2\/types\/post"}],"author":[{"embeddable":true,"href":"https:\/\/www.catie.ac.cr\/en\/wp-json\/wp\/v2\/users\/3"}],"replies":[{"embeddable":true,"href":"https:\/\/www.catie.ac.cr\/en\/wp-json\/wp\/v2\/comments?post=22086"}],"version-history":[{"count":2,"href":"https:\/\/www.catie.ac.cr\/en\/wp-json\/wp\/v2\/posts\/22086\/revisions"}],"predecessor-version":[{"id":22090,"href":"https:\/\/www.catie.ac.cr\/en\/wp-json\/wp\/v2\/posts\/22086\/revisions\/22090"}],"wp:featuredmedia":[{"embeddable":true,"href":"https:\/\/www.catie.ac.cr\/en\/wp-json\/wp\/v2\/media\/22087"}],"wp:attachment":[{"href":"https:\/\/www.catie.ac.cr\/en\/wp-json\/wp\/v2\/media?parent=22086"}],"wp:term":[{"taxonomy":"category","embeddable":true,"href":"https:\/\/www.catie.ac.cr\/en\/wp-json\/wp\/v2\/categories?post=22086"},{"taxonomy":"post_tag","embeddable":true,"href":"https:\/\/www.catie.ac.cr\/en\/wp-json\/wp\/v2\/tags?post=22086"}],"curies":[{"name":"wp","href":"https:\/\/api.w.org\/{rel}","templated":true}]}}