{"id":40597,"date":"2026-03-04T10:19:42","date_gmt":"2026-03-04T16:19:42","guid":{"rendered":"https:\/\/www.catie.ac.cr\/?p=40597"},"modified":"2026-03-04T10:35:51","modified_gmt":"2026-03-04T16:35:51","slug":"catie-en-prensa-febrero-2026","status":"publish","type":"post","link":"https:\/\/www.catie.ac.cr\/en\/2026\/03\/04\/catie-en-prensa-febrero-2026\/","title":{"rendered":"CATIE en Prensa febrero, 2026"},"content":{"rendered":"<div data-elementor-type=\"wp-post\" data-elementor-id=\"40597\" class=\"elementor elementor-40597\" data-elementor-post-type=\"post\">\n\t\t\t\t\t\t<section class=\"elementor-section elementor-top-section elementor-element elementor-element-3d04fd51 elementor-section-boxed elementor-section-height-default elementor-section-height-default\" data-id=\"3d04fd51\" data-element_type=\"section\">\n\t\t\t\t\t\t<div class=\"elementor-container elementor-column-gap-default\">\n\t\t\t\t\t<div class=\"elementor-column elementor-col-100 elementor-top-column elementor-element elementor-element-7e8fee1c\" data-id=\"7e8fee1c\" data-element_type=\"column\">\n\t\t\t<div class=\"elementor-widget-wrap elementor-element-populated\">\n\t\t\t\t\t\t<div class=\"elementor-element elementor-element-1b3ae391 elementor-widget elementor-widget-text-editor\" data-id=\"1b3ae391\" data-element_type=\"widget\" data-widget_type=\"text-editor.default\">\n\t\t\t\t<div class=\"elementor-widget-container\">\n\t\t\t\t\t\t\t\t\t<div style=\"text-align: left;\"><h1>Febrero<\/h1><\/div><p>\u00a0<\/p><ul><li><h4>La Naci\u00f3n, Costa Rica. 25 de febrero de 2026<\/h4><\/li><\/ul><p><strong>Hace 50 a\u00f1os: \u2018Estamos en el l\u00edmite de la deforestaci\u00f3n en Costa Rica\u2019<\/strong><br \/><a href=\"https:\/\/tinyurl.com\/3we4n7y9\" target=\"_blank\" rel=\"noopener\">https:\/\/tinyurl.com\/3we4n7y9<\/a><br \/><br \/><\/p><ul><li><h4>tvn, Panam\u00e1. 25 de febrero de 2026<\/h4><\/li><\/ul><p><strong>Panam\u00e1 refuerza acciones para promover investigaci\u00f3n y capacitaci\u00f3n ambiental<\/strong><br \/><a href=\"https:\/\/tinyurl.com\/4ta4hw5r\" target=\"_blank\" rel=\"noopener\">https:\/\/tinyurl.com\/4ta4hw5r<\/a><br \/><br \/><\/p><ul><li><h4>SERTV, Panam\u00e1. 25 de febrero de 2026<\/h4><\/li><\/ul><p><strong>MiAMBIENTE y CATIE sellan cooperaci\u00f3n<\/strong><br \/><a href=\"https:\/\/tinyurl.com\/526swc7v\" target=\"_blank\" rel=\"noopener\">https:\/\/tinyurl.com\/526swc7v<\/a><br \/><br \/><\/p><ul><li><h4>La Voz de Tarija, Bolivia. 16 de febrero de 2026<\/h4><\/li><\/ul><p><strong>En Caranavi productores de caf\u00e9 se capacitan sobre nuevas tecnolog\u00edas frente al cambio clim\u00e1tico<\/strong><br \/><a href=\"https:\/\/tinyurl.com\/4n9xmxnt\" target=\"_blank\" rel=\"noopener\">https:\/\/tinyurl.com\/4n9xmxnt<\/a><br \/><br \/><\/p><ul><li><h4>CR Hoy, Costa Rica. 16 de febrero de 2026<\/h4><\/li><\/ul><p><strong>Feria Internacional del CATIE 2026 ya tiene fecha este a\u00f1o<\/strong><br \/><a href=\"https:\/\/tinyurl.com\/4jm5jdwb\" target=\"_blank\" rel=\"noopener\">https:\/\/tinyurl.com\/4jm5jdwb<\/a><br \/><br \/><\/p><ul><li><h4>Canal 13, Costa Rica. 16 de febrero de 2026<\/h4><\/li><\/ul><p><strong>ACTIVA en Canal 13 &#8211; Su lado positivo<\/strong><br \/><a href=\"https:\/\/tinyurl.com\/7t4jc72e\" target=\"_blank\" rel=\"noopener\">https:\/\/tinyurl.com\/7t4jc72e<\/a><br \/><br \/><\/p><ul><li><h4>DELFINO, Costa Rica. 11 de febrero de 2026<\/h4><\/li><\/ul><p><strong>Feria Internacional del Catie 2026 se realizar\u00e1 el 18 y 19 de abril<\/strong><br \/><a href=\"https:\/\/tinyurl.com\/2cv6yp77\" target=\"_blank\" rel=\"noopener\">https:\/\/tinyurl.com\/2cv6yp77<\/a><br \/><br \/><\/p><ul><li><h4>Portal Frut\u00edcola, Costa Rica. 10 de febrero de 2026<\/h4><\/li><\/ul><p><strong>Referentes mundiales se dar\u00e1n cita en M\u00e9rida para analizar los desaf\u00edos de la industria del banano<\/strong><br \/><a href=\"https:\/\/tinyurl.com\/4x35np9k\" target=\"_blank\" rel=\"noopener\">https:\/\/tinyurl.com\/4x35np9k<\/a><br \/><br \/><\/p><ul><li><h4>Fresh Plaza, Espa\u00f1a. 10 de febrero de 2026<\/h4><\/li><\/ul><p><strong>Referentes mundiales del banano se re\u00fanen para actualizar estrategias ante los retos del sector<\/strong><br \/><a href=\"https:\/\/tinyurl.com\/mwuv7d9v\" target=\"_blank\" rel=\"noopener\">https:\/\/tinyurl.com\/mwuv7d9v<\/a><br \/><br \/><\/p><ul><li><h4>EINnpresswire, Estados Unidos. 9 de febrero de 2026<\/h4><\/li><\/ul><p><strong>Referentes mundiales se dar\u00e1n cita para analizar los desaf\u00edos de la industria bananera<\/strong><br \/><a href=\"https:\/\/tinyurl.com\/395edkjc\" target=\"_blank\" rel=\"noopener\">https:\/\/tinyurl.com\/395edkjc<\/a><br \/><br \/><\/p><ul><li><h4>REPRETEL, Costa Rica. 5 de febrero de 2026<\/h4><\/li><\/ul><p><strong>Jard\u00edn Bot\u00e1nico CATIE resguarda tesoros naturales del pa\u00eds<\/strong><br \/><a href=\"https:\/\/tinyurl.com\/4vp3zssj\" target=\"_blank\" rel=\"noopener\">https:\/\/tinyurl.com\/4vp3zssj<\/a><\/p>\t\t\t\t\t\t\t\t<\/div>\n\t\t\t\t<\/div>\n\t\t\t\t<div class=\"elementor-element elementor-element-7554c39 elementor-widget elementor-widget-spacer\" data-id=\"7554c39\" data-element_type=\"widget\" data-widget_type=\"spacer.default\">\n\t\t\t\t<div class=\"elementor-widget-container\">\n\t\t\t\t\t\t\t<div class=\"elementor-spacer\">\n\t\t\t<div class=\"elementor-spacer-inner\"><\/div>\n\t\t<\/div>\n\t\t\t\t\t\t<\/div>\n\t\t\t\t<\/div>\n\t\t\t\t\t<\/div>\n\t\t<\/div>\n\t\t\t\t\t<\/div>\n\t\t<\/section>\n\t\t\t\t<\/div>","protected":false},"excerpt":{"rendered":"<p>CATIE en los medios<\/p>","protected":false},"author":8,"featured_media":0,"comment_status":"closed","ping_status":"closed","sticky":false,"template":"","format":"standard","meta":{"_bbp_topic_count":0,"_bbp_reply_count":0,"_bbp_total_topic_count":0,"_bbp_total_reply_count":0,"_bbp_voice_count":0,"_bbp_anonymous_reply_count":0,"_bbp_topic_count_hidden":0,"_bbp_reply_count_hidden":0,"_bbp_forum_subforum_count":0,"pmpro_default_level":"","_monsterinsights_skip_tracking":false,"_monsterinsights_sitenote_active":false,"_monsterinsights_sitenote_note":"","_monsterinsights_sitenote_category":0,"_uf_show_specific_survey":0,"_uf_disable_surveys":false,"footnotes":""},"categories":[87],"tags":[],"class_list":["post-40597","post","type-post","status-publish","format-standard","hentry","category-prensa","pmpro-has-access"],"_links":{"self":[{"href":"https:\/\/www.catie.ac.cr\/en\/wp-json\/wp\/v2\/posts\/40597","targetHints":{"allow":["GET"]}}],"collection":[{"href":"https:\/\/www.catie.ac.cr\/en\/wp-json\/wp\/v2\/posts"}],"about":[{"href":"https:\/\/www.catie.ac.cr\/en\/wp-json\/wp\/v2\/types\/post"}],"author":[{"embeddable":true,"href":"https:\/\/www.catie.ac.cr\/en\/wp-json\/wp\/v2\/users\/8"}],"replies":[{"embeddable":true,"href":"https:\/\/www.catie.ac.cr\/en\/wp-json\/wp\/v2\/comments?post=40597"}],"version-history":[{"count":10,"href":"https:\/\/www.catie.ac.cr\/en\/wp-json\/wp\/v2\/posts\/40597\/revisions"}],"predecessor-version":[{"id":40608,"href":"https:\/\/www.catie.ac.cr\/en\/wp-json\/wp\/v2\/posts\/40597\/revisions\/40608"}],"wp:attachment":[{"href":"https:\/\/www.catie.ac.cr\/en\/wp-json\/wp\/v2\/media?parent=40597"}],"wp:term":[{"taxonomy":"category","embeddable":true,"href":"https:\/\/www.catie.ac.cr\/en\/wp-json\/wp\/v2\/categories?post=40597"},{"taxonomy":"post_tag","embeddable":true,"href":"https:\/\/www.catie.ac.cr\/en\/wp-json\/wp\/v2\/tags?post=40597"}],"curies":[{"name":"wp","href":"https:\/\/api.w.org\/{rel}","templated":true}]}}